{"id":23761,"date":"2024-07-01T15:11:22","date_gmt":"2024-07-01T13:11:22","guid":{"rendered":"https:\/\/www.jobsafe.se\/?p=23761"},"modified":"2024-07-01T15:11:23","modified_gmt":"2024-07-01T13:11:23","slug":"vilka-ar-kraven-for-att-fa-ett-arbetsmiljoansvar","status":"publish","type":"post","link":"https:\/\/www.jobsafe.se\/sv\/vilka-ar-kraven-for-att-fa-ett-arbetsmiljoansvar\/","title":{"rendered":"Vilka \u00e4r kraven f\u00f6r att f\u00e5 ett arbetsmilj\u00f6ansvar inom bygg?"},"content":{"rendered":"\t\t<div data-elementor-type=\"wp-post\" data-elementor-id=\"23761\" class=\"elementor elementor-23761\" data-elementor-post-type=\"post\">\n\t\t\t\t<div class=\"elementor-element elementor-element-08abd71 e-flex e-con-boxed e-con e-parent\" data-id=\"08abd71\" data-element_type=\"container\" data-e-type=\"container\">\n\t\t\t\t\t<div class=\"e-con-inner\">\n\t\t\t\t<div class=\"elementor-element elementor-element-1a72f5f elementor-widget elementor-widget-theme-post-title elementor-page-title elementor-widget-heading\" data-id=\"1a72f5f\" data-element_type=\"widget\" data-e-type=\"widget\" data-widget_type=\"theme-post-title.default\">\n\t\t\t\t\t<h1 class=\"elementor-heading-title elementor-size-default\">Vilka \u00e4r kraven f\u00f6r att f\u00e5 ett arbetsmilj\u00f6ansvar inom bygg?<\/h1>\t\t\t\t<\/div>\n\t\t\t\t\t<\/div>\n\t\t\t\t<\/div>\n\t\t<div class=\"elementor-element elementor-element-58863706 e-flex e-con-boxed e-con e-parent\" data-id=\"58863706\" data-element_type=\"container\" data-e-type=\"container\" data-settings=\"{&quot;background_background&quot;:&quot;classic&quot;}\">\n\t\t\t\t\t<div class=\"e-con-inner\">\n\t\t\t\t<div class=\"elementor-element elementor-element-3d051caa elementor-widget elementor-widget-theme-post-title elementor-page-title elementor-widget-heading\" data-id=\"3d051caa\" data-element_type=\"widget\" data-e-type=\"widget\" data-widget_type=\"theme-post-title.default\">\n\t\t\t\t\t<h1 class=\"elementor-heading-title elementor-size-default\">Vilka \u00e4r kraven f\u00f6r att f\u00e5 ett arbetsmilj\u00f6ansvar inom bygg?<\/h1>\t\t\t\t<\/div>\n\t\t\t\t<div class=\"elementor-element elementor-element-4ed6aaf2 elementor-widget-widescreen__width-initial elementor-widget elementor-widget-text-editor\" data-id=\"4ed6aaf2\" data-element_type=\"widget\" data-e-type=\"widget\" data-widget_type=\"text-editor.default\">\n\t\t\t\t\t\t\t\t\t<p>En s\u00e4ker arbetsmilj\u00f6 \u00e4r alltid viktigt, i synnerhet inom byggbranschen som \u00e4r en v\u00e4ldigt utsatt bransch kopplat till arbetsplatsolyckor. Enligt en unders\u00f6kning gjord av Ramirent uppger 8 procent av byggarbetarna att de inte k\u00e4nner sig helt s\u00e4kra p\u00e5 arbetsplatsen, medan 22 procent m\u00e4rker av en slarvig s\u00e4kerhetskultur (Ramirentrapporten, 2024).<\/p>\t\t\t\t\t\t\t\t<\/div>\n\t\t\t\t<div class=\"elementor-element elementor-element-72125c41 elementor-widget elementor-widget-theme-post-featured-image elementor-widget-image\" data-id=\"72125c41\" data-element_type=\"widget\" data-e-type=\"widget\" data-widget_type=\"theme-post-featured-image.default\">\n\t\t\t\t\t\t\t\t\t\t\t\t\t\t\t<img fetchpriority=\"high\" decoding=\"async\" width=\"800\" height=\"534\" src=\"https:\/\/www.jobsafe.se\/wp-content\/uploads\/2021\/03\/INFOBRIC_B2A2497-WEBB-1024x683.jpg\" class=\"attachment-large size-large wp-image-21516\" alt=\"Kvinna p\u00e5 arbetsplats med maskiner i bakgrunxden\" srcset=\"https:\/\/www.jobsafe.se\/wp-content\/uploads\/2021\/03\/INFOBRIC_B2A2497-WEBB-1024x683.jpg 1024w, https:\/\/www.jobsafe.se\/wp-content\/uploads\/2021\/03\/INFOBRIC_B2A2497-WEBB-300x200.jpg 300w, https:\/\/www.jobsafe.se\/wp-content\/uploads\/2021\/03\/INFOBRIC_B2A2497-WEBB-768x512.jpg 768w, https:\/\/www.jobsafe.se\/wp-content\/uploads\/2021\/03\/INFOBRIC_B2A2497-WEBB-1536x1024.jpg 1536w, https:\/\/www.jobsafe.se\/wp-content\/uploads\/2021\/03\/INFOBRIC_B2A2497-WEBB-2048x1366.jpg 2048w, https:\/\/www.jobsafe.se\/wp-content\/uploads\/2021\/03\/INFOBRIC_B2A2497-WEBB-18x12.jpg 18w, https:\/\/www.jobsafe.se\/wp-content\/uploads\/2021\/03\/INFOBRIC_B2A2497-WEBB-600x400.jpg 600w, https:\/\/www.jobsafe.se\/wp-content\/uploads\/2021\/03\/INFOBRIC_B2A2497-WEBB-500x333.jpg 500w\" sizes=\"(max-width: 800px) 100vw, 800px\" \/>\t\t\t\t\t\t\t\t\t\t\t\t\t\t\t<\/div>\n\t\t\t\t\t<\/div>\n\t\t\t\t<\/div>\n\t\t<div class=\"elementor-element elementor-element-9ff4aa4 e-flex e-con-boxed e-con e-parent\" data-id=\"9ff4aa4\" data-element_type=\"container\" data-e-type=\"container\" data-settings=\"{&quot;background_background&quot;:&quot;classic&quot;}\">\n\t\t\t\t\t<div class=\"e-con-inner\">\n\t\t\t\t<div class=\"elementor-element elementor-element-68279436 elementor-widget elementor-widget-text-editor\" data-id=\"68279436\" data-element_type=\"widget\" data-e-type=\"widget\" data-widget_type=\"text-editor.default\">\n\t\t\t\t\t\t\t\t\t<p>Arbetsmilj\u00f6lagen \u00e4r den lag som st\u00e5r \u00f6ver alla lagar och f\u00f6rfattningar g\u00e4llande arbetsmilj\u00f6 i Sverige. Arbetsmilj\u00f6verket st\u00e4ndigt ser \u00f6ver kraven p\u00e5 utbildningar och kompetenser f\u00f6r att minska risken f\u00f6r olyckor p\u00e5 byggarbetsplatser. Fr\u00e5n och med 1 januari 2025 tr\u00e4der nya direktiv i kraft (AFS 2023:3) som inneb\u00e4r h\u00f6gre krav p\u00e5 bland annat ett b\u00e4ttre samarbete mellan alla parter som har arbetsmilj\u00f6ansvar under hela projekttiden och att \u00f6verl\u00e4mningen sker p\u00e5 ett strukturerat s\u00e4tt mellan de olika faserna.<\/p><p>F\u00f6r att f\u00e5 arbetsmilj\u00f6ansvar och verka som byggarbetsmilj\u00f6samordnare kr\u00e4vs d\u00e4rmed att du har g\u00e5tt utbildningen <a href=\"https:\/\/www.jobsafe.se\/sv\/utbildningar\/bas-p-u\/\">BAS-P\/BAS-U<\/a> enligt de nya direktiven.<\/p>\t\t\t\t\t\t\t\t<\/div>\n\t\t\t\t<div class=\"elementor-element elementor-element-751d4c65 elementor-widget elementor-widget-text-editor\" data-id=\"751d4c65\" data-element_type=\"widget\" data-e-type=\"widget\" data-widget_type=\"text-editor.default\">\n\t\t\t\t\t\t\t\t\t<h2>Arbetsmilj\u00f6ansvar inom byggbranschen<\/h2><p>N\u00e4r det g\u00e4ller arbetsmilj\u00f6 \u00e4r det generellt arbetsgivaren som har helhetsansvaret, men n\u00e4r det kommer till byggarbetsmilj\u00f6 \u00e4r det ofta fler som har ansvar, till exempel byggherren, projekt\u00f6rerna och byggarbetsmilj\u00f6samordnaren. L\u00e4s mer om de olika akt\u00f6rerna nedan. Reglerna \u00e4r i det stora hela samma i hela EU, men varje land kan ut\u00f6ka reglerna. Mycket handlar om att f\u00f6rebygga arbetsmilj\u00f6risker under byggprojektet. Omfattningen av byggherrens arbetsmilj\u00f6arbete ska motsvara byggprojektets storlek, komplexitet och riskniv\u00e5.<\/p>\t\t\t\t\t\t\t\t<\/div>\n\t\t\t\t<div class=\"elementor-element elementor-element-fe0f3b elementor-widget elementor-widget-text-editor\" data-id=\"fe0f3b\" data-element_type=\"widget\" data-e-type=\"widget\" data-widget_type=\"text-editor.default\">\n\t\t\t\t\t\t\t\t\t<h2>Roller med ansvar inom arbetsmilj\u00f6 p\u00e5 ett byggprojekt<\/h2><h3>Byggherren<\/h3><p>Byggherren har det \u00f6vergripande ansvaret f\u00f6r att organisera och st\u00e4lla krav p\u00e5 de entrepren\u00f6rer som ska arbeta p\u00e5 projektet och beh\u00f6ver \u00e4ven planera och s\u00e4tta upp rutiner f\u00f6r en god arbetsmilj\u00f6 under hela projektet. Rutinerna ska innefatta arbetsmilj\u00f6arbete under alla faser (planering, projektering och byggfasen). Byggherren utser byggarbetsmilj\u00f6samordnare.<\/p><h3>BAS P och BAS U<\/h3><p>BAS P och BAS U byggarbetsmilj\u00f6samordnare ska planera och projektera f\u00f6r en bra arbetsmilj\u00f6 i bruksskedet. Det handlar om att f\u00f6rebygga arbetsmilj\u00f6risker och se till att rutiner finns p\u00e5 plats samt att \u00f6verl\u00e4mningen sker p\u00e5 ett systematiskt s\u00e4tt.<\/p>\t\t\t\t\t\t\t\t<\/div>\n\t\t\t\t<div class=\"elementor-element elementor-element-75864cdf elementor-widget elementor-widget-text-editor\" data-id=\"75864cdf\" data-element_type=\"widget\" data-e-type=\"widget\" data-widget_type=\"text-editor.default\">\n\t\t\t\t\t\t\t\t\t<h2>S\u00e5 uppfyller du kraven f\u00f6r att arbeta med byggarbetsmilj\u00f6<\/h2><ul><li>K\u00e4nna till vilka lagar och regler som finns kopplat till arbetsmilj\u00f6. F\u00f6rutom arbetsmilj\u00f6lagen finns \u00e4ven arbetstidslagen, Plan- och bygglagen, Lagen om anst\u00e4llningsskydd och diskrimineringslagen.<br \/><br \/><\/li><li>Vilken roll ska du ha? L\u00e4r dig hur ansvarsf\u00f6rdelningen ser ut enligt Arbetsmilj\u00f6verkets riktlinjer.<br \/><br \/><\/li><li>Du beh\u00f6ver k\u00e4nna till risker som finns i det aktuella projektet samt veta hur du identifierar risker kopplat till arbetsmilj\u00f6n inom bygg och anl\u00e4ggning var du ska v\u00e4nda dig f\u00f6r information f\u00f6r att kunna arbeta f\u00f6rebyggande<br \/><br \/><\/li><li>Du beh\u00f6ver veta hur du organiserar arbetsmilj\u00f6arbetet<br \/><br \/><\/li><li>Kunna s\u00e4tta tidsplanering och f\u00f6lja upp p\u00e5 arbetsmilj\u00f6arbetet under hela projekttiden<\/li><\/ul><p>\u00a0<\/p><p>Det \u00e4r viktigt att du har g\u00e5tt en utbildning inom byggarbetsmilj\u00f6 f\u00f6r att l\u00e4ra dig punkterna ovan. Jobsafe erbjuder utbildningen <a href=\"https:\/\/www.jobsafe.se\/sv\/utbildningar\/bas-p-u\/\">BAS P\/BAS U<\/a> som \u00e4r helt uppdaterad enligt det nya regelverket som tr\u00e4der i kraft 1 januari 2025.<\/p>\t\t\t\t\t\t\t\t<\/div>\n\t\t\t\t<div class=\"elementor-element elementor-element-7c01c022 elementor-widget elementor-widget-text-editor\" data-id=\"7c01c022\" data-element_type=\"widget\" data-e-type=\"widget\" data-widget_type=\"text-editor.default\">\n\t\t\t\t\t\t\t\t\t<h2>R\u00e4tt utbildning och verktyg skapar en s\u00e4krare byggbransch<\/h2><p>Genom att se till att alla akt\u00f6rer p\u00e5 byggarbetsplatsen har r\u00e4tt utbildning och att man har rutiner p\u00e5 plats och f\u00f6ljer upp sitt arbete kan man arbeta p\u00e5 ett s\u00e4kert s\u00e4tt f\u00f6r att minska risken f\u00f6r arbetsplatsolyckor p\u00e5 byggarbetsplatserna.<\/p><p>Det finns digitala verktyg som underl\u00e4ttar hantering, kontroll och uppf\u00f6ljning av f\u00f6retag, f\u00f6r att s\u00e4kerst\u00e4lla att alla uppfyller lagar och regler, men ocks\u00e5 uppf\u00f6ljning av kompetenser d\u00e4r man enkelt kan se att alla individer har de kompetenser som kr\u00e4vs f\u00f6r att utf\u00f6ra kritiska moment p\u00e5 byggarbetsplatsen. Skulle n\u00e5gon kravutbildning saknas erbjuds m\u00e5nga utbildningar digitalt med tillg\u00e5ng direkt efter genomf\u00f6rt k\u00f6p.<\/p><p><strong><a href=\"https:\/\/www.jobsafe.se\/sv\/utbildningar\/\">Se alla utbildningar h\u00e4r.<\/a><\/strong><\/p><p>Arbetsgivaren har huvudansvaret f\u00f6r att rutiner och r\u00e4tt verktyg finns p\u00e5 plats, men det \u00e4r allas ansvar att se till att f\u00f6lja de rutiner som finns. Tillsammans kan vi se till att l\u00f6sa m\u00e5nga av de s\u00e4kerhetsutmaningar som finns och bidra till en s\u00e4krare byggbransch.<\/p><p><strong><a href=\"https:\/\/www.jobsafe.se\/sv\/kontakta-oss\/\">Kontakta oss<\/a><\/strong> om du vill veta mer.<\/p>\t\t\t\t\t\t\t\t<\/div>\n\t\t\t\t<div class=\"elementor-element elementor-element-3bff40ca elementor-widget elementor-widget-button\" data-id=\"3bff40ca\" data-element_type=\"widget\" data-e-type=\"widget\" data-widget_type=\"button.default\">\n\t\t\t\t\t\t\t\t\t\t<a class=\"elementor-button elementor-button-link elementor-size-sm\" href=\"https:\/\/www.jobsafe.se\/sv\/utbildningar\/bas-p-u\/\">\n\t\t\t\t\t\t<span class=\"elementor-button-content-wrapper\">\n\t\t\t\t\t\t\t\t\t<span class=\"elementor-button-text\">L\u00e4s mer om utbildningen BAS P\/BAS U<\/span>\n\t\t\t\t\t<\/span>\n\t\t\t\t\t<\/a>\n\t\t\t\t\t\t\t\t<\/div>\n\t\t\t\t\t<\/div>\n\t\t\t\t<\/div>\n\t\t\t\t<\/div>\n\t\t","protected":false},"excerpt":{"rendered":"<p>En s\u00e4ker arbetsmilj\u00f6 \u00e4r alltid viktigt, i synnerhet inom byggbranschen som \u00e4r en v\u00e4ldigt utsatt bransch kopplat till arbetsplatsolyckor. Enligt en unders\u00f6kning gjord av Ramirent uppger 8 procent av byggarbetarna att de inte k\u00e4nner sig helt s\u00e4kra p\u00e5 arbetsplatsen, medan 22 procent m\u00e4rker av en slarvig s\u00e4kerhetskultur (Ramirentrapporten, 2024). Arbetsmilj\u00f6lagen \u00e4r den lag som st\u00e5r [&hellip;]<\/p>\n","protected":false},"author":22,"featured_media":21516,"comment_status":"closed","ping_status":"open","sticky":false,"template":"","format":"standard","meta":{"_acf_changed":false,"footnotes":""},"categories":[1],"tags":[],"class_list":["post-23761","post","type-post","status-publish","format-standard","has-post-thumbnail","hentry","category-okategoriserade"],"acf":[],"yoast_head":"<!-- This site is optimized with the Yoast SEO Premium plugin v27.4 (Yoast SEO v27.4) - https:\/\/yoast.com\/product\/yoast-seo-premium-wordpress\/ -->\n<title>Vilka \u00e4r kraven f\u00f6r att f\u00e5 arbetsmilj\u00f6ansvar inom bygg?<\/title>\n<meta name=\"description\" content=\"Vad kr\u00e4vs egentligen f\u00f6r att arbetsmilj\u00f6ansvar inom byggbranschen? Arbetsmilj\u00f6verket sk\u00e4rper reglerna, s\u00e5 h\u00e4r f\u00e5r du koll.\" \/>\n<meta name=\"robots\" content=\"index, follow, max-snippet:-1, max-image-preview:large, max-video-preview:-1\" \/>\n<link rel=\"canonical\" href=\"https:\/\/www.jobsafe.se\/sv\/vilka-ar-kraven-for-att-fa-ett-arbetsmiljoansvar\/\" \/>\n<meta property=\"og:locale\" content=\"sv_SE\" \/>\n<meta property=\"og:type\" content=\"article\" \/>\n<meta property=\"og:title\" content=\"Vilka \u00e4r kraven f\u00f6r att f\u00e5 ett arbetsmilj\u00f6ansvar inom bygg?\" \/>\n<meta property=\"og:description\" content=\"Vad kr\u00e4vs egentligen f\u00f6r att arbetsmilj\u00f6ansvar inom byggbranschen? Arbetsmilj\u00f6verket sk\u00e4rper reglerna, s\u00e5 h\u00e4r f\u00e5r du koll.\" \/>\n<meta property=\"og:url\" content=\"https:\/\/www.jobsafe.se\/sv\/vilka-ar-kraven-for-att-fa-ett-arbetsmiljoansvar\/\" \/>\n<meta property=\"og:site_name\" content=\"Jobsafe\" \/>\n<meta property=\"article:publisher\" content=\"https:\/\/www.facebook.com\/jobsafesverige\" \/>\n<meta property=\"article:published_time\" content=\"2024-07-01T13:11:22+00:00\" \/>\n<meta property=\"article:modified_time\" content=\"2024-07-01T13:11:23+00:00\" \/>\n<meta property=\"og:image\" content=\"https:\/\/www.jobsafe.se\/wp-content\/uploads\/2021\/03\/INFOBRIC_B2A2497-WEBB.jpg\" \/>\n\t<meta property=\"og:image:width\" content=\"2500\" \/>\n\t<meta property=\"og:image:height\" content=\"1667\" \/>\n\t<meta property=\"og:image:type\" content=\"image\/jpeg\" \/>\n<meta name=\"author\" content=\"Isabelle Magnusson\" \/>\n<meta name=\"twitter:card\" content=\"summary_large_image\" \/>\n<script type=\"application\/ld+json\" class=\"yoast-schema-graph\">{\"@context\":\"https:\\\/\\\/schema.org\",\"@graph\":[{\"@type\":\"Article\",\"@id\":\"https:\\\/\\\/www.jobsafe.se\\\/vilka-ar-kraven-for-att-fa-ett-arbetsmiljoansvar\\\/#article\",\"isPartOf\":{\"@id\":\"https:\\\/\\\/www.jobsafe.se\\\/vilka-ar-kraven-for-att-fa-ett-arbetsmiljoansvar\\\/\"},\"author\":{\"name\":\"Isabelle Magnusson\",\"@id\":\"https:\\\/\\\/www.jobsafe.se\\\/#\\\/schema\\\/person\\\/bc8f5ca579ae7f52bacb22c74a638c18\"},\"headline\":\"Vilka \u00e4r kraven f\u00f6r att f\u00e5 ett arbetsmilj\u00f6ansvar inom bygg?\",\"datePublished\":\"2024-07-01T13:11:22+00:00\",\"dateModified\":\"2024-07-01T13:11:23+00:00\",\"mainEntityOfPage\":{\"@id\":\"https:\\\/\\\/www.jobsafe.se\\\/vilka-ar-kraven-for-att-fa-ett-arbetsmiljoansvar\\\/\"},\"wordCount\":750,\"publisher\":{\"@id\":\"https:\\\/\\\/www.jobsafe.se\\\/#organization\"},\"image\":{\"@id\":\"https:\\\/\\\/www.jobsafe.se\\\/vilka-ar-kraven-for-att-fa-ett-arbetsmiljoansvar\\\/#primaryimage\"},\"thumbnailUrl\":\"https:\\\/\\\/www.jobsafe.se\\\/wp-content\\\/uploads\\\/2021\\\/03\\\/INFOBRIC_B2A2497-WEBB.jpg\",\"inLanguage\":\"sv-SE\"},{\"@type\":\"WebPage\",\"@id\":\"https:\\\/\\\/www.jobsafe.se\\\/vilka-ar-kraven-for-att-fa-ett-arbetsmiljoansvar\\\/\",\"url\":\"https:\\\/\\\/www.jobsafe.se\\\/vilka-ar-kraven-for-att-fa-ett-arbetsmiljoansvar\\\/\",\"name\":\"Vilka \u00e4r kraven f\u00f6r att f\u00e5 arbetsmilj\u00f6ansvar inom bygg?\",\"isPartOf\":{\"@id\":\"https:\\\/\\\/www.jobsafe.se\\\/#website\"},\"primaryImageOfPage\":{\"@id\":\"https:\\\/\\\/www.jobsafe.se\\\/vilka-ar-kraven-for-att-fa-ett-arbetsmiljoansvar\\\/#primaryimage\"},\"image\":{\"@id\":\"https:\\\/\\\/www.jobsafe.se\\\/vilka-ar-kraven-for-att-fa-ett-arbetsmiljoansvar\\\/#primaryimage\"},\"thumbnailUrl\":\"https:\\\/\\\/www.jobsafe.se\\\/wp-content\\\/uploads\\\/2021\\\/03\\\/INFOBRIC_B2A2497-WEBB.jpg\",\"datePublished\":\"2024-07-01T13:11:22+00:00\",\"dateModified\":\"2024-07-01T13:11:23+00:00\",\"description\":\"Vad kr\u00e4vs egentligen f\u00f6r att arbetsmilj\u00f6ansvar inom byggbranschen? Arbetsmilj\u00f6verket sk\u00e4rper reglerna, s\u00e5 h\u00e4r f\u00e5r du koll.\",\"breadcrumb\":{\"@id\":\"https:\\\/\\\/www.jobsafe.se\\\/vilka-ar-kraven-for-att-fa-ett-arbetsmiljoansvar\\\/#breadcrumb\"},\"inLanguage\":\"sv-SE\",\"potentialAction\":[{\"@type\":\"ReadAction\",\"target\":[\"https:\\\/\\\/www.jobsafe.se\\\/vilka-ar-kraven-for-att-fa-ett-arbetsmiljoansvar\\\/\"]}]},{\"@type\":\"ImageObject\",\"inLanguage\":\"sv-SE\",\"@id\":\"https:\\\/\\\/www.jobsafe.se\\\/vilka-ar-kraven-for-att-fa-ett-arbetsmiljoansvar\\\/#primaryimage\",\"url\":\"https:\\\/\\\/www.jobsafe.se\\\/wp-content\\\/uploads\\\/2021\\\/03\\\/INFOBRIC_B2A2497-WEBB.jpg\",\"contentUrl\":\"https:\\\/\\\/www.jobsafe.se\\\/wp-content\\\/uploads\\\/2021\\\/03\\\/INFOBRIC_B2A2497-WEBB.jpg\",\"width\":2500,\"height\":1667,\"caption\":\"Kvinna p\u00e5 arbetsplatsen med maskiner i bakgrunxden\"},{\"@type\":\"BreadcrumbList\",\"@id\":\"https:\\\/\\\/www.jobsafe.se\\\/vilka-ar-kraven-for-att-fa-ett-arbetsmiljoansvar\\\/#breadcrumb\",\"itemListElement\":[{\"@type\":\"ListItem\",\"position\":1,\"name\":\"Hem\",\"item\":\"https:\\\/\\\/www.jobsafe.se\\\/sv\\\/\"},{\"@type\":\"ListItem\",\"position\":2,\"name\":\"Vilka \u00e4r kraven f\u00f6r att f\u00e5 ett arbetsmilj\u00f6ansvar inom bygg?\"}]},{\"@type\":\"WebSite\",\"@id\":\"https:\\\/\\\/www.jobsafe.se\\\/#website\",\"url\":\"https:\\\/\\\/www.jobsafe.se\\\/\",\"name\":\"Jobsafe\",\"description\":\"Utbildningar f\u00f6r en s\u00e4ker arbetsplats\",\"publisher\":{\"@id\":\"https:\\\/\\\/www.jobsafe.se\\\/#organization\"},\"potentialAction\":[{\"@type\":\"SearchAction\",\"target\":{\"@type\":\"EntryPoint\",\"urlTemplate\":\"https:\\\/\\\/www.jobsafe.se\\\/?s={search_term_string}\"},\"query-input\":{\"@type\":\"PropertyValueSpecification\",\"valueRequired\":true,\"valueName\":\"search_term_string\"}}],\"inLanguage\":\"sv-SE\"},{\"@type\":\"Organization\",\"@id\":\"https:\\\/\\\/www.jobsafe.se\\\/#organization\",\"name\":\"JobSafe EdTech AB\",\"url\":\"https:\\\/\\\/www.jobsafe.se\\\/\",\"logo\":{\"@type\":\"ImageObject\",\"inLanguage\":\"sv-SE\",\"@id\":\"https:\\\/\\\/www.jobsafe.se\\\/#\\\/schema\\\/logo\\\/image\\\/\",\"url\":\"https:\\\/\\\/www.jobsafe.se\\\/wp-content\\\/uploads\\\/2025\\\/10\\\/js-logo-2026.svg\",\"contentUrl\":\"https:\\\/\\\/www.jobsafe.se\\\/wp-content\\\/uploads\\\/2025\\\/10\\\/js-logo-2026.svg\",\"width\":683,\"height\":544,\"caption\":\"JobSafe EdTech AB\"},\"image\":{\"@id\":\"https:\\\/\\\/www.jobsafe.se\\\/#\\\/schema\\\/logo\\\/image\\\/\"},\"sameAs\":[\"https:\\\/\\\/www.facebook.com\\\/jobsafesverige\"]},{\"@type\":\"Person\",\"@id\":\"https:\\\/\\\/www.jobsafe.se\\\/#\\\/schema\\\/person\\\/bc8f5ca579ae7f52bacb22c74a638c18\",\"name\":\"Isabelle Magnusson\",\"image\":{\"@type\":\"ImageObject\",\"inLanguage\":\"sv-SE\",\"@id\":\"https:\\\/\\\/secure.gravatar.com\\\/avatar\\\/21024a8e430465133a33e036bdaa021038e01f4ba982a5d0b1e6bc564ff66749?s=96&d=mm&r=g\",\"url\":\"https:\\\/\\\/secure.gravatar.com\\\/avatar\\\/21024a8e430465133a33e036bdaa021038e01f4ba982a5d0b1e6bc564ff66749?s=96&d=mm&r=g\",\"contentUrl\":\"https:\\\/\\\/secure.gravatar.com\\\/avatar\\\/21024a8e430465133a33e036bdaa021038e01f4ba982a5d0b1e6bc564ff66749?s=96&d=mm&r=g\",\"caption\":\"Isabelle Magnusson\"}}]}<\/script>\n<!-- \/ Yoast SEO Premium plugin. -->","yoast_head_json":{"title":"Vilka \u00e4r kraven f\u00f6r att f\u00e5 arbetsmilj\u00f6ansvar inom bygg?","description":"Vad kr\u00e4vs egentligen f\u00f6r att arbetsmilj\u00f6ansvar inom byggbranschen? Arbetsmilj\u00f6verket sk\u00e4rper reglerna, s\u00e5 h\u00e4r f\u00e5r du koll.","robots":{"index":"index","follow":"follow","max-snippet":"max-snippet:-1","max-image-preview":"max-image-preview:large","max-video-preview":"max-video-preview:-1"},"canonical":"https:\/\/www.jobsafe.se\/sv\/vilka-ar-kraven-for-att-fa-ett-arbetsmiljoansvar\/","og_locale":"sv_SE","og_type":"article","og_title":"Vilka \u00e4r kraven f\u00f6r att f\u00e5 ett arbetsmilj\u00f6ansvar inom bygg?","og_description":"Vad kr\u00e4vs egentligen f\u00f6r att arbetsmilj\u00f6ansvar inom byggbranschen? Arbetsmilj\u00f6verket sk\u00e4rper reglerna, s\u00e5 h\u00e4r f\u00e5r du koll.","og_url":"https:\/\/www.jobsafe.se\/sv\/vilka-ar-kraven-for-att-fa-ett-arbetsmiljoansvar\/","og_site_name":"Jobsafe","article_publisher":"https:\/\/www.facebook.com\/jobsafesverige","article_published_time":"2024-07-01T13:11:22+00:00","article_modified_time":"2024-07-01T13:11:23+00:00","og_image":[{"width":2500,"height":1667,"url":"https:\/\/www.jobsafe.se\/wp-content\/uploads\/2021\/03\/INFOBRIC_B2A2497-WEBB.jpg","type":"image\/jpeg"}],"author":"Isabelle Magnusson","twitter_card":"summary_large_image","schema":{"@context":"https:\/\/schema.org","@graph":[{"@type":"Article","@id":"https:\/\/www.jobsafe.se\/vilka-ar-kraven-for-att-fa-ett-arbetsmiljoansvar\/#article","isPartOf":{"@id":"https:\/\/www.jobsafe.se\/vilka-ar-kraven-for-att-fa-ett-arbetsmiljoansvar\/"},"author":{"name":"Isabelle Magnusson","@id":"https:\/\/www.jobsafe.se\/#\/schema\/person\/bc8f5ca579ae7f52bacb22c74a638c18"},"headline":"Vilka \u00e4r kraven f\u00f6r att f\u00e5 ett arbetsmilj\u00f6ansvar inom bygg?","datePublished":"2024-07-01T13:11:22+00:00","dateModified":"2024-07-01T13:11:23+00:00","mainEntityOfPage":{"@id":"https:\/\/www.jobsafe.se\/vilka-ar-kraven-for-att-fa-ett-arbetsmiljoansvar\/"},"wordCount":750,"publisher":{"@id":"https:\/\/www.jobsafe.se\/#organization"},"image":{"@id":"https:\/\/www.jobsafe.se\/vilka-ar-kraven-for-att-fa-ett-arbetsmiljoansvar\/#primaryimage"},"thumbnailUrl":"https:\/\/www.jobsafe.se\/wp-content\/uploads\/2021\/03\/INFOBRIC_B2A2497-WEBB.jpg","inLanguage":"sv-SE"},{"@type":"WebPage","@id":"https:\/\/www.jobsafe.se\/vilka-ar-kraven-for-att-fa-ett-arbetsmiljoansvar\/","url":"https:\/\/www.jobsafe.se\/vilka-ar-kraven-for-att-fa-ett-arbetsmiljoansvar\/","name":"Vilka \u00e4r kraven f\u00f6r att f\u00e5 arbetsmilj\u00f6ansvar inom bygg?","isPartOf":{"@id":"https:\/\/www.jobsafe.se\/#website"},"primaryImageOfPage":{"@id":"https:\/\/www.jobsafe.se\/vilka-ar-kraven-for-att-fa-ett-arbetsmiljoansvar\/#primaryimage"},"image":{"@id":"https:\/\/www.jobsafe.se\/vilka-ar-kraven-for-att-fa-ett-arbetsmiljoansvar\/#primaryimage"},"thumbnailUrl":"https:\/\/www.jobsafe.se\/wp-content\/uploads\/2021\/03\/INFOBRIC_B2A2497-WEBB.jpg","datePublished":"2024-07-01T13:11:22+00:00","dateModified":"2024-07-01T13:11:23+00:00","description":"Vad kr\u00e4vs egentligen f\u00f6r att arbetsmilj\u00f6ansvar inom byggbranschen? Arbetsmilj\u00f6verket sk\u00e4rper reglerna, s\u00e5 h\u00e4r f\u00e5r du koll.","breadcrumb":{"@id":"https:\/\/www.jobsafe.se\/vilka-ar-kraven-for-att-fa-ett-arbetsmiljoansvar\/#breadcrumb"},"inLanguage":"sv-SE","potentialAction":[{"@type":"ReadAction","target":["https:\/\/www.jobsafe.se\/vilka-ar-kraven-for-att-fa-ett-arbetsmiljoansvar\/"]}]},{"@type":"ImageObject","inLanguage":"sv-SE","@id":"https:\/\/www.jobsafe.se\/vilka-ar-kraven-for-att-fa-ett-arbetsmiljoansvar\/#primaryimage","url":"https:\/\/www.jobsafe.se\/wp-content\/uploads\/2021\/03\/INFOBRIC_B2A2497-WEBB.jpg","contentUrl":"https:\/\/www.jobsafe.se\/wp-content\/uploads\/2021\/03\/INFOBRIC_B2A2497-WEBB.jpg","width":2500,"height":1667,"caption":"Kvinna p\u00e5 arbetsplatsen med maskiner i bakgrunxden"},{"@type":"BreadcrumbList","@id":"https:\/\/www.jobsafe.se\/vilka-ar-kraven-for-att-fa-ett-arbetsmiljoansvar\/#breadcrumb","itemListElement":[{"@type":"ListItem","position":1,"name":"Hem","item":"https:\/\/www.jobsafe.se\/sv\/"},{"@type":"ListItem","position":2,"name":"Vilka \u00e4r kraven f\u00f6r att f\u00e5 ett arbetsmilj\u00f6ansvar inom bygg?"}]},{"@type":"WebSite","@id":"https:\/\/www.jobsafe.se\/#website","url":"https:\/\/www.jobsafe.se\/","name":"Jobsafe","description":"Utbildningar f\u00f6r en s\u00e4ker arbetsplats","publisher":{"@id":"https:\/\/www.jobsafe.se\/#organization"},"potentialAction":[{"@type":"SearchAction","target":{"@type":"EntryPoint","urlTemplate":"https:\/\/www.jobsafe.se\/?s={search_term_string}"},"query-input":{"@type":"PropertyValueSpecification","valueRequired":true,"valueName":"search_term_string"}}],"inLanguage":"sv-SE"},{"@type":"Organization","@id":"https:\/\/www.jobsafe.se\/#organization","name":"JobSafe EdTech AB","url":"https:\/\/www.jobsafe.se\/","logo":{"@type":"ImageObject","inLanguage":"sv-SE","@id":"https:\/\/www.jobsafe.se\/#\/schema\/logo\/image\/","url":"https:\/\/www.jobsafe.se\/wp-content\/uploads\/2025\/10\/js-logo-2026.svg","contentUrl":"https:\/\/www.jobsafe.se\/wp-content\/uploads\/2025\/10\/js-logo-2026.svg","width":683,"height":544,"caption":"JobSafe EdTech AB"},"image":{"@id":"https:\/\/www.jobsafe.se\/#\/schema\/logo\/image\/"},"sameAs":["https:\/\/www.facebook.com\/jobsafesverige"]},{"@type":"Person","@id":"https:\/\/www.jobsafe.se\/#\/schema\/person\/bc8f5ca579ae7f52bacb22c74a638c18","name":"Isabelle Magnusson","image":{"@type":"ImageObject","inLanguage":"sv-SE","@id":"https:\/\/secure.gravatar.com\/avatar\/21024a8e430465133a33e036bdaa021038e01f4ba982a5d0b1e6bc564ff66749?s=96&d=mm&r=g","url":"https:\/\/secure.gravatar.com\/avatar\/21024a8e430465133a33e036bdaa021038e01f4ba982a5d0b1e6bc564ff66749?s=96&d=mm&r=g","contentUrl":"https:\/\/secure.gravatar.com\/avatar\/21024a8e430465133a33e036bdaa021038e01f4ba982a5d0b1e6bc564ff66749?s=96&d=mm&r=g","caption":"Isabelle Magnusson"}}]}},"_links":{"self":[{"href":"https:\/\/www.jobsafe.se\/sv\/wp-json\/wp\/v2\/posts\/23761","targetHints":{"allow":["GET"]}}],"collection":[{"href":"https:\/\/www.jobsafe.se\/sv\/wp-json\/wp\/v2\/posts"}],"about":[{"href":"https:\/\/www.jobsafe.se\/sv\/wp-json\/wp\/v2\/types\/post"}],"author":[{"embeddable":true,"href":"https:\/\/www.jobsafe.se\/sv\/wp-json\/wp\/v2\/users\/22"}],"replies":[{"embeddable":true,"href":"https:\/\/www.jobsafe.se\/sv\/wp-json\/wp\/v2\/comments?post=23761"}],"version-history":[{"count":8,"href":"https:\/\/www.jobsafe.se\/sv\/wp-json\/wp\/v2\/posts\/23761\/revisions"}],"predecessor-version":[{"id":23775,"href":"https:\/\/www.jobsafe.se\/sv\/wp-json\/wp\/v2\/posts\/23761\/revisions\/23775"}],"wp:featuredmedia":[{"embeddable":true,"href":"https:\/\/www.jobsafe.se\/sv\/wp-json\/wp\/v2\/media\/21516"}],"wp:attachment":[{"href":"https:\/\/www.jobsafe.se\/sv\/wp-json\/wp\/v2\/media?parent=23761"}],"wp:term":[{"taxonomy":"category","embeddable":true,"href":"https:\/\/www.jobsafe.se\/sv\/wp-json\/wp\/v2\/categories?post=23761"},{"taxonomy":"post_tag","embeddable":true,"href":"https:\/\/www.jobsafe.se\/sv\/wp-json\/wp\/v2\/tags?post=23761"}],"curies":[{"name":"wp","href":"https:\/\/api.w.org\/{rel}","templated":true}]}}